{"id":153,"date":"2023-03-13T16:56:21","date_gmt":"2023-03-13T16:56:21","guid":{"rendered":"https:\/\/gesundheit-rund-um-die-geburt.de\/?p=153"},"modified":"2023-03-14T08:38:44","modified_gmt":"2023-03-14T08:38:44","slug":"stellungnahme-des-aktionsbuendnisses-zum-krankenhausgesetz","status":"publish","type":"post","link":"https:\/\/gesundheit-rund-um-die-geburt.de\/?p=153","title":{"rendered":"Stellungnahme des Aktionsb\u00fcndnisses zum Krankenhausgesetz"},"content":{"rendered":"\n<p>Das Aktionsb\u00fcndnis Gesundheit rund um die Geburt in Niedersachsen arbeitet im sechsten Jahr an der Umsetzung des gleichlautenden Gesundheitsziels. In unserem B\u00fcndnis sind eine Vielzahl von Verb\u00e4nden zusammengeschlossen, die das Ziel eint, die Lebensphase rund um die Geburt unter den Schutz der Gesellschaft zu stellen und dabei die Bed\u00fcrfnisse der Frauen, Kinder und Familien deutlich zu ber\u00fccksichtigen. Hierzu ist eine dringende Verbesserung der Angebote und Betreuungen erforderlich. Ebenso besteht es einer grundlegenden gemeinsamen Haltung, dass eine Geburt ein nat\u00fcrlicher Prozess ist, der die Frauen und Familien mit ihren Bedarfen und Bed\u00fcrfnissen in den Mittelpunkt stellt.<\/p>\n\n\n\n<p>Die M\u00f6glichkeit der Stellungnahme zur Verordnung freut uns.<\/p>\n\n\n\n<p>Bereits in der Enquetekommission, wie auch zum Krankenhausgesetz bemerkten wir immer wieder eine bei Weitem nicht ausreichende Ber\u00fccksichtigung der besonderen Rolle der Geburtshilfe und ihrer daraus resultierenden Bedarfe. Obwohl bei mehr als 78000 im Jahr 2021 in Niedersachsen die Geburtshilfe die h\u00e4ufigste Gesundheitsleistung ist, findet eine Marginalisierung statt, es fehlt die intensive Beachtung. In allen Schritten Enquetekommission, Krankenhausgesetz und Verordnung wurden die besonderen Bedingungen der Geburtshilfe bisher kaum ber\u00fccksichtigt. Auch die Bedarfe und Bed\u00fcrfnisse der Frauen wurden nicht erhoben, nicht angeh\u00f6rt und daher nicht angemessen ber\u00fccksichtigt. Das Aktionsb\u00fcndnis h\u00e4lt die Verortung der Geburtshilfe in der Grundversorgung f\u00fcr erforderlich. Leider ist dies nicht in das nieders\u00e4chsische Krankenhausgesetz aufgenommen worden. Die Geburtshilfe bleibt, trotz des Erfordernisses der fl\u00e4chendeckenden Versorgung, ohne Sicherung. Die mangelnde Analyse der Schlie\u00dfungsgr\u00fcnde und das Nichtreingreifen des Landes in Form von St\u00fctzung der Unterfinanzierung in diesem Bereich wird auch weiterhin zu Schlie\u00dfungen f\u00fchren, die jedoch immer weniger zu kompensieren sind. Hier besteht ein dringender Handlungsbedarf.<\/p>\n\n\n\n<p><strong>Hier fordert das Aktionsb\u00fcndnis dringend ein Eingreifen<\/strong>:<\/p>\n\n\n\n<ul class=\"wp-block-list\">\n<li>Weitere Schlie\u00dfungen m\u00fcssen verhindert werden,<\/li>\n\n\n\n<li>die Ergebnisse der Arbeitsgruppen des Runden Tisches Geburtshilfe in Niedersachsen m\u00fcssen in die Verordnung eingearbeitet werden,<\/li>\n\n\n\n<li>ein Konzept der fl\u00e4chendeckenden Versorgung mit ausreichender Finanzierung der Vorhaltekosten ist zu erarbeiten,<\/li>\n\n\n\n<li>Anreize zum Erhalt der erforderlichen geburtshilflichen Abteilungen m\u00fcssen gesetzt werden.<\/li>\n<\/ul>\n\n\n\n<p>Die gesamte Stellungnahme kann hier als pdf-Datei heruntergeladen werden:<\/p>\n\n\n<p><a href=\"https:\/\/gesundheit-rund-um-die-geburt.de\/wp-content\/uploads\/2023\/03\/Stellungnahme-Vo-KHG-Aktionsbuendnis-Gesundheit-rund-um-die-Geburt.pdf\" data-wplink-edit=\"true\">Stellungnahme-Vo-KHG-Aktionsbuendnis-Gesundheit-rund-um-die-Geburt<\/a><\/p>\n\n\n<p><\/p>\n\n\n\n<p><\/p>\n","protected":false},"excerpt":{"rendered":"<p>Das Aktionsb\u00fcndnis Gesundheit rund um die Geburt in Niedersachsen arbeitet im sechsten Jahr an der Umsetzung des gleichlautenden Gesundheitsziels. In unserem B\u00fcndnis sind eine Vielzahl [&hellip;]<\/p>\n","protected":false},"author":1,"featured_media":0,"comment_status":"open","ping_status":"open","sticky":false,"template":"","format":"standard","meta":{"footnotes":""},"categories":[7],"tags":[],"class_list":["post-153","post","type-post","status-publish","format-standard","hentry","category-stellungnahme"],"_links":{"self":[{"href":"https:\/\/gesundheit-rund-um-die-geburt.de\/index.php?rest_route=\/wp\/v2\/posts\/153","targetHints":{"allow":["GET"]}}],"collection":[{"href":"https:\/\/gesundheit-rund-um-die-geburt.de\/index.php?rest_route=\/wp\/v2\/posts"}],"about":[{"href":"https:\/\/gesundheit-rund-um-die-geburt.de\/index.php?rest_route=\/wp\/v2\/types\/post"}],"author":[{"embeddable":true,"href":"https:\/\/gesundheit-rund-um-die-geburt.de\/index.php?rest_route=\/wp\/v2\/users\/1"}],"replies":[{"embeddable":true,"href":"https:\/\/gesundheit-rund-um-die-geburt.de\/index.php?rest_route=%2Fwp%2Fv2%2Fcomments&post=153"}],"version-history":[{"count":6,"href":"https:\/\/gesundheit-rund-um-die-geburt.de\/index.php?rest_route=\/wp\/v2\/posts\/153\/revisions"}],"predecessor-version":[{"id":187,"href":"https:\/\/gesundheit-rund-um-die-geburt.de\/index.php?rest_route=\/wp\/v2\/posts\/153\/revisions\/187"}],"wp:attachment":[{"href":"https:\/\/gesundheit-rund-um-die-geburt.de\/index.php?rest_route=%2Fwp%2Fv2%2Fmedia&parent=153"}],"wp:term":[{"taxonomy":"category","embeddable":true,"href":"https:\/\/gesundheit-rund-um-die-geburt.de\/index.php?rest_route=%2Fwp%2Fv2%2Fcategories&post=153"},{"taxonomy":"post_tag","embeddable":true,"href":"https:\/\/gesundheit-rund-um-die-geburt.de\/index.php?rest_route=%2Fwp%2Fv2%2Ftags&post=153"}],"curies":[{"name":"wp","href":"https:\/\/api.w.org\/{rel}","templated":true}]}}