{"id":240,"date":"2026-03-08T13:29:00","date_gmt":"2026-03-08T13:29:00","guid":{"rendered":"https:\/\/gesundheit-rund-um-die-geburt.de\/?p=240"},"modified":"2026-04-29T13:31:54","modified_gmt":"2026-04-29T13:31:54","slug":"aktionsbuendnis-gesundheit-rund-um-die-geburt-in-niedersachsen-begruesst-den-politischen-beschluss-finanzierung-konkreter-projekte-in-aussicht","status":"publish","type":"post","link":"https:\/\/gesundheit-rund-um-die-geburt.de\/?p=240","title":{"rendered":"Aktionsb\u00fcndnis Gesundheit rund um die Geburt in Niedersachsen begr\u00fc\u00dft den politischen Beschluss \u2013 Finanzierung konkreter Projekte in Aussicht"},"content":{"rendered":"\n<p>Das Aktionsb\u00fcndnis Gesundheit rund um die Geburt in Niedersachsen begr\u00fc\u00dft den aktuellen politischen Beschluss, der erstmals die M\u00f6glichkeit er\u00f6ffnet, finanzielle Mittel f\u00fcr konkrete Projekte in den Landeshaushalt einzustellen. Damit wird ein wichtiger Schritt f\u00fcr die Verbesserung der Versorgung von M\u00fcttern und Kindern rund um Schwangerschaft, Geburt und Wochenbett m\u00f6glich. \u201eRund 70.000 Geburten pro Jahr in Niedersachsen sind keine Nebensache. Eine gute Versorgung rund um die Geburt ist eine zentrale gesellschaftliche Aufgabe\u201c, erkl\u00e4rt Veronika Bujny, Sprecherin des Aktionsb\u00fcndnisses. \u201eDer Beschluss er\u00f6ffnet endlich die M\u00f6glichkeit, konkrete Projekte zu planen und umzusetzen.\u201c <\/p>\n\n\n\n<p>Das B\u00fcndnis besteht seit 2017 und ist ein breites gesellschaftliches Netzwerk aus Verb\u00e4nden, Hochschulen und Initiativen. Gemeinsam setzen sich die Beteiligten seit vielen Jahren f\u00fcr eine bessere gesundheitliche Versorgung rund um die Geburt in Niedersachsen ein. In den vergangenen Jahren hat das Aktionsb\u00fcndnis seine Expertise immer wieder in politische Prozesse eingebracht, unter anderem im Rahmen eines Runden Tisches im Gesundheitsministerium. Viele der Impulse und fachlichen Beitr\u00e4ge stammen von engagierten Ehrenamtlichen, die sich mit gro\u00dfem Einsatz f\u00fcr Verbesserungen in der Geburtshilfe einsetzen. Mit dem nun gefassten Beschluss zum Entschlie\u00dfungsantrag Gute Geburt er\u00f6ffnet sich die Chance, die bisherige Arbeit in konkrete Ma\u00dfnahmen zu \u00fcberf\u00fchren und Projekte zur Verbesserung der Versorgung zu entwickeln und umzusetzen.<\/p>\n\n\n\n<p> \u201eDer anstehende Doppelhaushalt darf dabei nicht zur Bremse werden. Jetzt kommt es darauf an, die politischen Beschl\u00fcsse auch mit den notwendigen finanziellen Mitteln zu unterlegen\u201c, sagt Hilke Schauland, Vorsitzende vom Hebammenverband Niedersachsen. Das Aktionsb\u00fcndnis bewertet den Beschluss als wichtigen Erfolg der gemeinsamen B\u00fcndnisarbeit und bedankt sich ausdr\u00fccklich bei den Parteien SPD und B\u00fcndnis 90\/Die Gr\u00fcnen, die diesen Schritt politisch erm\u00f6glicht haben. \u201eWir sehen den Beschluss als wichtiges Signal, dass die Gesundheit von M\u00fcttern und Kindern rund um die Geburt die politische Aufmerksamkeit erh\u00e4lt, die sie verdient\u201c betont Kimberley Schumacher von MotherHood e.V.<\/p>\n","protected":false},"excerpt":{"rendered":"<p>Das Aktionsb\u00fcndnis Gesundheit rund um die Geburt in Niedersachsen begr\u00fc\u00dft den aktuellen politischen Beschluss, der erstmals die M\u00f6glichkeit er\u00f6ffnet, finanzielle Mittel f\u00fcr konkrete Projekte in [&hellip;]<\/p>\n","protected":false},"author":1,"featured_media":0,"comment_status":"open","ping_status":"open","sticky":false,"template":"","format":"standard","meta":{"footnotes":""},"categories":[1],"tags":[],"class_list":["post-240","post","type-post","status-publish","format-standard","hentry","category-uncategorized"],"_links":{"self":[{"href":"https:\/\/gesundheit-rund-um-die-geburt.de\/index.php?rest_route=\/wp\/v2\/posts\/240","targetHints":{"allow":["GET"]}}],"collection":[{"href":"https:\/\/gesundheit-rund-um-die-geburt.de\/index.php?rest_route=\/wp\/v2\/posts"}],"about":[{"href":"https:\/\/gesundheit-rund-um-die-geburt.de\/index.php?rest_route=\/wp\/v2\/types\/post"}],"author":[{"embeddable":true,"href":"https:\/\/gesundheit-rund-um-die-geburt.de\/index.php?rest_route=\/wp\/v2\/users\/1"}],"replies":[{"embeddable":true,"href":"https:\/\/gesundheit-rund-um-die-geburt.de\/index.php?rest_route=%2Fwp%2Fv2%2Fcomments&post=240"}],"version-history":[{"count":1,"href":"https:\/\/gesundheit-rund-um-die-geburt.de\/index.php?rest_route=\/wp\/v2\/posts\/240\/revisions"}],"predecessor-version":[{"id":241,"href":"https:\/\/gesundheit-rund-um-die-geburt.de\/index.php?rest_route=\/wp\/v2\/posts\/240\/revisions\/241"}],"wp:attachment":[{"href":"https:\/\/gesundheit-rund-um-die-geburt.de\/index.php?rest_route=%2Fwp%2Fv2%2Fmedia&parent=240"}],"wp:term":[{"taxonomy":"category","embeddable":true,"href":"https:\/\/gesundheit-rund-um-die-geburt.de\/index.php?rest_route=%2Fwp%2Fv2%2Fcategories&post=240"},{"taxonomy":"post_tag","embeddable":true,"href":"https:\/\/gesundheit-rund-um-die-geburt.de\/index.php?rest_route=%2Fwp%2Fv2%2Ftags&post=240"}],"curies":[{"name":"wp","href":"https:\/\/api.w.org\/{rel}","templated":true}]}}