{"id":37,"date":"2019-04-09T14:26:28","date_gmt":"2019-04-09T14:26:28","guid":{"rendered":"http:\/\/gesundheit-rund-um-die-geburt.de\/?p=37"},"modified":"2024-09-04T11:53:04","modified_gmt":"2024-09-04T11:53:04","slug":"gesundheit-rund-um-die-geburt-in-niedersachsen-26-6-2019","status":"publish","type":"post","link":"https:\/\/gesundheit-rund-um-die-geburt.de\/?p=37","title":{"rendered":"Gesundheit rund um die Geburt in Niedersachsen | Veranstaltung am 26.6.2019 in Hannover"},"content":{"rendered":"<div class=\"wp-block-image\">\n<figure class=\"alignleft\"><img loading=\"lazy\" decoding=\"async\" width=\"250\" height=\"516\" src=\"https:\/\/gesundheit-rund-um-die-geburt.de\/wp-content\/uploads\/2019\/04\/Veranstaltung-LVG.jpg\" alt=\"\" class=\"wp-image-60\" srcset=\"https:\/\/gesundheit-rund-um-die-geburt.de\/wp-content\/uploads\/2019\/04\/Veranstaltung-LVG.jpg 250w, https:\/\/gesundheit-rund-um-die-geburt.de\/wp-content\/uploads\/2019\/04\/Veranstaltung-LVG-145x300.jpg 145w\" sizes=\"auto, (max-width: 250px) 100vw, 250px\" \/><\/figure>\n<\/div>\n\n\n<p><strong><em>Gemeinsam f\u00fcr ein landesweites Aktionsprogramm zum nationalen Gesundheitsziel <\/em><\/strong>Die Versorgung der Frauen, Kinder und Familien rund um die Geburt ist seit Jahren in Niedersachsen, wie auch bundesweit, desolat. Frauen m\u00fcssen sich in Schwangerschaft, Geburt und Wochenbett auf eine oft mangelnde Versorgung einstellen. Laut SGB V steht ihnen die freie Wahl des Geburtsortes zu, sie finden jedoch keine ausreichenden Angebote. Die Kliniken haben personelle Engp\u00e4sse und k\u00f6nnen teilweise die n\u00f6tige Personalbesetzung nicht gew\u00e4hrleisten, obwohl Elterninitiativen eine 1:1 Betreuung w\u00e4hrend der Geburt fordern. Die ambulante Versorgung mit Hebammenhilfe kann den Bedarfen oft nicht standhalten und die in vielen Orten eingerichteten Hebammenzentralen k\u00f6nnen nur bei ausreichendem Personalangebot auch wirklich Hilfe leisten. Wie kann eine gute Versorgung in der Schwangerschaft, w\u00e4hrend der Geburt und im Wochenbett sowie im ersten Lebensjahr des Kindes gew\u00e4hrleistet werden und was muss sie bieten? Welche Anforderungen muss ein landesweiter Aktionsplan ber\u00fccksichtigen? Das B\u00fcndnis \u201eGesundheit rund um die Geburt in Niedersachsen\u201c wurde vom Landesfrauenrat, der Landesarbeitsgemeinschaft kommunaler Frauen- und Gleichstellungsb\u00fcros Niedersachsen lag und dem Hebammenverband Niedersachsen e. V. initiiert. Mittlerweile sind u.a. die Landesvereinigung f\u00fcr Gesundheit und Akademie f\u00fcr Sozialmedizin Niedersachsen e. V., viele Wohlfahrtsverb\u00e4nde, Sozialverb\u00e4nde, die Stiftung \u201eeine Chance f\u00fcr Kinder\u201c und die Elterninitiative Mother Hood beigetreten. Eine zentrale Forderung ist die Entwicklung eines landesweiten Aktionsplans.  <\/p>\n\n\n\n<p><\/p>\n\n\n\n<p><\/p>\n","protected":false},"excerpt":{"rendered":"<p>Gemeinsam f\u00fcr ein landesweites Aktionsprogramm zum nationalen Gesundheitsziel Die Versorgung der Frauen, Kinder und Familien rund um die Geburt ist seit Jahren in Niedersachsen, wie [&hellip;]<\/p>\n","protected":false},"author":1,"featured_media":0,"comment_status":"open","ping_status":"open","sticky":false,"template":"","format":"standard","meta":{"footnotes":""},"categories":[1],"tags":[],"class_list":["post-37","post","type-post","status-publish","format-standard","hentry","category-uncategorized"],"_links":{"self":[{"href":"https:\/\/gesundheit-rund-um-die-geburt.de\/index.php?rest_route=\/wp\/v2\/posts\/37","targetHints":{"allow":["GET"]}}],"collection":[{"href":"https:\/\/gesundheit-rund-um-die-geburt.de\/index.php?rest_route=\/wp\/v2\/posts"}],"about":[{"href":"https:\/\/gesundheit-rund-um-die-geburt.de\/index.php?rest_route=\/wp\/v2\/types\/post"}],"author":[{"embeddable":true,"href":"https:\/\/gesundheit-rund-um-die-geburt.de\/index.php?rest_route=\/wp\/v2\/users\/1"}],"replies":[{"embeddable":true,"href":"https:\/\/gesundheit-rund-um-die-geburt.de\/index.php?rest_route=%2Fwp%2Fv2%2Fcomments&post=37"}],"version-history":[{"count":7,"href":"https:\/\/gesundheit-rund-um-die-geburt.de\/index.php?rest_route=\/wp\/v2\/posts\/37\/revisions"}],"predecessor-version":[{"id":197,"href":"https:\/\/gesundheit-rund-um-die-geburt.de\/index.php?rest_route=\/wp\/v2\/posts\/37\/revisions\/197"}],"wp:attachment":[{"href":"https:\/\/gesundheit-rund-um-die-geburt.de\/index.php?rest_route=%2Fwp%2Fv2%2Fmedia&parent=37"}],"wp:term":[{"taxonomy":"category","embeddable":true,"href":"https:\/\/gesundheit-rund-um-die-geburt.de\/index.php?rest_route=%2Fwp%2Fv2%2Fcategories&post=37"},{"taxonomy":"post_tag","embeddable":true,"href":"https:\/\/gesundheit-rund-um-die-geburt.de\/index.php?rest_route=%2Fwp%2Fv2%2Ftags&post=37"}],"curies":[{"name":"wp","href":"https:\/\/api.w.org\/{rel}","templated":true}]}}